{"id":14892,"date":"2024-10-30T15:28:41","date_gmt":"2024-10-30T14:28:41","guid":{"rendered":"https:\/\/impib.lukasiewicz.gov.pl\/2024\/10\/30\/visit-of-deputy-minister-mrowczynska-to-lukasiewicz-impib\/"},"modified":"2024-11-13T15:13:34","modified_gmt":"2024-11-13T14:13:34","slug":"visit-of-deputy-minister-mrowczynska-to-lukasiewicz-impib","status":"publish","type":"post","link":"https:\/\/impib.lukasiewicz.gov.pl\/en\/visit-of-deputy-minister-mrowczynska-to-lukasiewicz-impib\/","title":{"rendered":"Visit of Deputy Minister Mr\u00f3wczy\u0144ska to \u0141ukasiewicz &#8211; IMPIB"},"content":{"rendered":"\t\t<div data-elementor-type=\"wp-post\" data-elementor-id=\"14892\" class=\"elementor elementor-14892 elementor-14588\" data-elementor-post-type=\"post\">\n\t\t\t\t\t\t<section class=\"elementor-section elementor-top-section elementor-element elementor-element-7de11b3 elementor-section-boxed elementor-section-height-default elementor-section-height-default\" data-id=\"7de11b3\" data-element_type=\"section\" data-e-type=\"section\">\n\t\t\t\t\t\t<div class=\"elementor-container elementor-column-gap-default\">\n\t\t\t\t\t<div class=\"elementor-column elementor-col-100 elementor-top-column elementor-element elementor-element-80ddeee\" data-id=\"80ddeee\" data-element_type=\"column\" data-e-type=\"column\">\n\t\t\t<div class=\"elementor-widget-wrap elementor-element-populated\">\n\t\t\t\t\t\t<div class=\"elementor-element elementor-element-2925925 elementor-widget elementor-widget-text-editor\" data-id=\"2925925\" data-element_type=\"widget\" data-e-type=\"widget\" data-widget_type=\"text-editor.default\">\n\t\t\t\t<div class=\"elementor-widget-container\">\n\t\t\t\t\t\t\t\t\t<p>Undersecretary of State at the Ministry of Science and Higher Education Ms. Maria Mr\u00f3wczy\u0144ska met with the management and staff of our institute yesterday.<\/p>\n<\/p>\n<p>This unique visit allowed us to present the scope of our activities and showcase the achievements of our scientists in polymer plastics research.<\/p>\n<p>\u0141ukasiewicz &#8211; IMPIB \u201cplays a key role in the development of modern technologies for Polish industry, including advanced solutions. Through research on innovative materials, the institute strengthens the competitiveness of Polish companies, contributing to the development of the economy and the modernization of strategic sectors of the country&#8217;s economy,\u201d the undersecretary of state at the Ministry of Science and Higher Education said. <\/p>\n<\/p>\n<p>\n            <img fetchpriority=\"high\" decoding=\"async\" class=\"alignnone size-medium wp-image-14605\" src=\"https:\/\/impib.lukasiewicz.gov.pl\/wp-content\/uploads\/sites\/20\/2024\/10\/Bajer-i-ministra2-300x225.jpeg\" alt=\"\" width=\"300\" height=\"225\" srcset=\"https:\/\/impib.lukasiewicz.gov.pl\/wp-content\/uploads\/sites\/20\/2024\/10\/Bajer-i-ministra2-300x225.jpeg 300w, https:\/\/impib.lukasiewicz.gov.pl\/wp-content\/uploads\/sites\/20\/2024\/10\/Bajer-i-ministra2-1024x768.jpeg 1024w, https:\/\/impib.lukasiewicz.gov.pl\/wp-content\/uploads\/sites\/20\/2024\/10\/Bajer-i-ministra2-768x576.jpeg 768w, https:\/\/impib.lukasiewicz.gov.pl\/wp-content\/uploads\/sites\/20\/2024\/10\/Bajer-i-ministra2-1536x1152.jpeg 1536w, https:\/\/impib.lukasiewicz.gov.pl\/wp-content\/uploads\/sites\/20\/2024\/10\/Bajer-i-ministra2-1200x900.jpeg 1200w, https:\/\/impib.lukasiewicz.gov.pl\/wp-content\/uploads\/sites\/20\/2024\/10\/Bajer-i-ministra2-1980x1485.jpeg 1980w, https:\/\/impib.lukasiewicz.gov.pl\/wp-content\/uploads\/sites\/20\/2024\/10\/Bajer-i-ministra2-24x18.jpeg 24w, https:\/\/impib.lukasiewicz.gov.pl\/wp-content\/uploads\/sites\/20\/2024\/10\/Bajer-i-ministra2-36x27.jpeg 36w, https:\/\/impib.lukasiewicz.gov.pl\/wp-content\/uploads\/sites\/20\/2024\/10\/Bajer-i-ministra2-48x36.jpeg 48w, https:\/\/impib.lukasiewicz.gov.pl\/wp-content\/uploads\/sites\/20\/2024\/10\/Bajer-i-ministra2.jpeg 2048w\" sizes=\"(max-width: 300px) 100vw, 300px\" \/><br \/>\n            <img decoding=\"async\" class=\"alignnone size-medium wp-image-14611\" src=\"https:\/\/impib.lukasiewicz.gov.pl\/wp-content\/uploads\/sites\/20\/2024\/10\/Ministra-1-300x225.jpeg\" alt=\"\" width=\"300\" height=\"225\" srcset=\"https:\/\/impib.lukasiewicz.gov.pl\/wp-content\/uploads\/sites\/20\/2024\/10\/Ministra-1-300x225.jpeg 300w, https:\/\/impib.lukasiewicz.gov.pl\/wp-content\/uploads\/sites\/20\/2024\/10\/Ministra-1-1024x768.jpeg 1024w, https:\/\/impib.lukasiewicz.gov.pl\/wp-content\/uploads\/sites\/20\/2024\/10\/Ministra-1-768x576.jpeg 768w, https:\/\/impib.lukasiewicz.gov.pl\/wp-content\/uploads\/sites\/20\/2024\/10\/Ministra-1-1536x1152.jpeg 1536w, https:\/\/impib.lukasiewicz.gov.pl\/wp-content\/uploads\/sites\/20\/2024\/10\/Ministra-1-1200x900.jpeg 1200w, https:\/\/impib.lukasiewicz.gov.pl\/wp-content\/uploads\/sites\/20\/2024\/10\/Ministra-1-1980x1485.jpeg 1980w, https:\/\/impib.lukasiewicz.gov.pl\/wp-content\/uploads\/sites\/20\/2024\/10\/Ministra-1-24x18.jpeg 24w, https:\/\/impib.lukasiewicz.gov.pl\/wp-content\/uploads\/sites\/20\/2024\/10\/Ministra-1-36x27.jpeg 36w, https:\/\/impib.lukasiewicz.gov.pl\/wp-content\/uploads\/sites\/20\/2024\/10\/Ministra-1-48x36.jpeg 48w, https:\/\/impib.lukasiewicz.gov.pl\/wp-content\/uploads\/sites\/20\/2024\/10\/Ministra-1.jpeg 2048w\" sizes=\"(max-width: 300px) 100vw, 300px\" \/><br \/>\n            <img decoding=\"async\" class=\"alignnone size-medium wp-image-14607\" src=\"https:\/\/impib.lukasiewicz.gov.pl\/wp-content\/uploads\/sites\/20\/2024\/10\/Bajer-i-Ministra-300x225.jpeg\" alt=\"\" width=\"300\" height=\"225\" srcset=\"https:\/\/impib.lukasiewicz.gov.pl\/wp-content\/uploads\/sites\/20\/2024\/10\/Bajer-i-Ministra-300x225.jpeg 300w, https:\/\/impib.lukasiewicz.gov.pl\/wp-content\/uploads\/sites\/20\/2024\/10\/Bajer-i-Ministra-1024x768.jpeg 1024w, https:\/\/impib.lukasiewicz.gov.pl\/wp-content\/uploads\/sites\/20\/2024\/10\/Bajer-i-Ministra-768x576.jpeg 768w, https:\/\/impib.lukasiewicz.gov.pl\/wp-content\/uploads\/sites\/20\/2024\/10\/Bajer-i-Ministra-1536x1152.jpeg 1536w, https:\/\/impib.lukasiewicz.gov.pl\/wp-content\/uploads\/sites\/20\/2024\/10\/Bajer-i-Ministra-1200x900.jpeg 1200w, https:\/\/impib.lukasiewicz.gov.pl\/wp-content\/uploads\/sites\/20\/2024\/10\/Bajer-i-Ministra-1980x1485.jpeg 1980w, https:\/\/impib.lukasiewicz.gov.pl\/wp-content\/uploads\/sites\/20\/2024\/10\/Bajer-i-Ministra-24x18.jpeg 24w, https:\/\/impib.lukasiewicz.gov.pl\/wp-content\/uploads\/sites\/20\/2024\/10\/Bajer-i-Ministra-36x27.jpeg 36w, https:\/\/impib.lukasiewicz.gov.pl\/wp-content\/uploads\/sites\/20\/2024\/10\/Bajer-i-Ministra-48x36.jpeg 48w, https:\/\/impib.lukasiewicz.gov.pl\/wp-content\/uploads\/sites\/20\/2024\/10\/Bajer-i-Ministra.jpeg 2048w\" sizes=\"(max-width: 300px) 100vw, 300px\" \/><br \/>\n            <img loading=\"lazy\" decoding=\"async\" class=\"alignnone size-medium wp-image-14597\" src=\"https:\/\/impib.lukasiewicz.gov.pl\/wp-content\/uploads\/sites\/20\/2024\/10\/Adrian-2-300x225.jpeg\" alt=\"\" width=\"300\" height=\"225\" srcset=\"https:\/\/impib.lukasiewicz.gov.pl\/wp-content\/uploads\/sites\/20\/2024\/10\/Adrian-2-300x225.jpeg 300w, https:\/\/impib.lukasiewicz.gov.pl\/wp-content\/uploads\/sites\/20\/2024\/10\/Adrian-2-1024x768.jpeg 1024w, https:\/\/impib.lukasiewicz.gov.pl\/wp-content\/uploads\/sites\/20\/2024\/10\/Adrian-2-768x576.jpeg 768w, https:\/\/impib.lukasiewicz.gov.pl\/wp-content\/uploads\/sites\/20\/2024\/10\/Adrian-2-1536x1152.jpeg 1536w, https:\/\/impib.lukasiewicz.gov.pl\/wp-content\/uploads\/sites\/20\/2024\/10\/Adrian-2-1200x900.jpeg 1200w, https:\/\/impib.lukasiewicz.gov.pl\/wp-content\/uploads\/sites\/20\/2024\/10\/Adrian-2-1980x1485.jpeg 1980w, https:\/\/impib.lukasiewicz.gov.pl\/wp-content\/uploads\/sites\/20\/2024\/10\/Adrian-2-24x18.jpeg 24w, https:\/\/impib.lukasiewicz.gov.pl\/wp-content\/uploads\/sites\/20\/2024\/10\/Adrian-2-36x27.jpeg 36w, https:\/\/impib.lukasiewicz.gov.pl\/wp-content\/uploads\/sites\/20\/2024\/10\/Adrian-2-48x36.jpeg 48w, https:\/\/impib.lukasiewicz.gov.pl\/wp-content\/uploads\/sites\/20\/2024\/10\/Adrian-2.jpeg 2048w\" sizes=\"(max-width: 300px) 100vw, 300px\" \/><br \/>\n            <img loading=\"lazy\" decoding=\"async\" class=\"alignnone size-medium wp-image-14593\" src=\"https:\/\/impib.lukasiewicz.gov.pl\/wp-content\/uploads\/sites\/20\/2024\/10\/Mariusz-2-225x300.jpeg\" alt=\"\" width=\"225\" height=\"300\" srcset=\"https:\/\/impib.lukasiewicz.gov.pl\/wp-content\/uploads\/sites\/20\/2024\/10\/Mariusz-2-225x300.jpeg 225w, https:\/\/impib.lukasiewicz.gov.pl\/wp-content\/uploads\/sites\/20\/2024\/10\/Mariusz-2-768x1024.jpeg 768w, https:\/\/impib.lukasiewicz.gov.pl\/wp-content\/uploads\/sites\/20\/2024\/10\/Mariusz-2-1152x1536.jpeg 1152w, https:\/\/impib.lukasiewicz.gov.pl\/wp-content\/uploads\/sites\/20\/2024\/10\/Mariusz-2-1200x1600.jpeg 1200w, https:\/\/impib.lukasiewicz.gov.pl\/wp-content\/uploads\/sites\/20\/2024\/10\/Mariusz-2-18x24.jpeg 18w, https:\/\/impib.lukasiewicz.gov.pl\/wp-content\/uploads\/sites\/20\/2024\/10\/Mariusz-2-27x36.jpeg 27w, https:\/\/impib.lukasiewicz.gov.pl\/wp-content\/uploads\/sites\/20\/2024\/10\/Mariusz-2-36x48.jpeg 36w, https:\/\/impib.lukasiewicz.gov.pl\/wp-content\/uploads\/sites\/20\/2024\/10\/Mariusz-2.jpeg 1536w\" sizes=\"(max-width: 225px) 100vw, 225px\" \/>\n          <\/p>\n\t\t\t\t\t\t\t\t<\/div>\n\t\t\t\t<\/div>\n\t\t\t\t\t<\/div>\n\t\t<\/div>\n\t\t\t\t\t<\/div>\n\t\t<\/section>\n\t\t\t\t<\/div>\n\t\t","protected":false},"excerpt":{"rendered":"<p>Undersecretary of State at the Ministry of Science and Higher Education Ms. Maria Mr\u00f3wczy\u0144ska met with the management and staff of our institute yesterday. This unique visit allowed us to present the scope of our activities and showcase the achievements of our scientists in polymer plastics research. \u0141ukasiewicz &#8211; IMPIB \u201cplays a key role in [&hellip;]<\/p>\n","protected":false},"author":90,"featured_media":14592,"comment_status":"open","ping_status":"open","sticky":false,"template":"","format":"standard","meta":{"_acf_changed":false,"_seopress_robots_primary_cat":"none","_seopress_titles_title":"","_seopress_titles_desc":"","_seopress_robots_index":"","inline_featured_image":false,"footnotes":""},"categories":[13],"tags":[],"class_list":["post-14892","post","type-post","status-publish","format-standard","has-post-thumbnail","hentry","category-aktualnosci"],"acf":{"czas_czytania":"3"},"publishpress_future_action":{"enabled":false,"date":"2026-02-18 10:33:22","action":"change-status","newStatus":"draft","terms":[],"taxonomy":"category","extraData":[]},"publishpress_future_workflow_manual_trigger":{"enabledWorkflows":[]},"_links":{"self":[{"href":"https:\/\/impib.lukasiewicz.gov.pl\/en\/wp-json\/wp\/v2\/posts\/14892","targetHints":{"allow":["GET"]}}],"collection":[{"href":"https:\/\/impib.lukasiewicz.gov.pl\/en\/wp-json\/wp\/v2\/posts"}],"about":[{"href":"https:\/\/impib.lukasiewicz.gov.pl\/en\/wp-json\/wp\/v2\/types\/post"}],"author":[{"embeddable":true,"href":"https:\/\/impib.lukasiewicz.gov.pl\/en\/wp-json\/wp\/v2\/users\/90"}],"replies":[{"embeddable":true,"href":"https:\/\/impib.lukasiewicz.gov.pl\/en\/wp-json\/wp\/v2\/comments?post=14892"}],"version-history":[{"count":1,"href":"https:\/\/impib.lukasiewicz.gov.pl\/en\/wp-json\/wp\/v2\/posts\/14892\/revisions"}],"predecessor-version":[{"id":14893,"href":"https:\/\/impib.lukasiewicz.gov.pl\/en\/wp-json\/wp\/v2\/posts\/14892\/revisions\/14893"}],"wp:featuredmedia":[{"embeddable":true,"href":"https:\/\/impib.lukasiewicz.gov.pl\/en\/wp-json\/wp\/v2\/media\/14592"}],"wp:attachment":[{"href":"https:\/\/impib.lukasiewicz.gov.pl\/en\/wp-json\/wp\/v2\/media?parent=14892"}],"wp:term":[{"taxonomy":"category","embeddable":true,"href":"https:\/\/impib.lukasiewicz.gov.pl\/en\/wp-json\/wp\/v2\/categories?post=14892"},{"taxonomy":"post_tag","embeddable":true,"href":"https:\/\/impib.lukasiewicz.gov.pl\/en\/wp-json\/wp\/v2\/tags?post=14892"}],"curies":[{"name":"wp","href":"https:\/\/api.w.org\/{rel}","templated":true}]}}